{"id":8803,"date":"2026-02-02T17:30:26","date_gmt":"2026-02-02T16:30:26","guid":{"rendered":"https:\/\/www.fclutry.ch\/?p=8803"},"modified":"2026-02-02T17:32:44","modified_gmt":"2026-02-02T16:32:44","slug":"hommage-a-alexis-bollag-le-fc-lutry-uni-dans-le-souvenir-et-la-solidarite","status":"publish","type":"post","link":"https:\/\/www.fclutry.ch\/?p=8803","title":{"rendered":"Hommage \u00e0 Alexis Bollag : le FC Lutry uni dans le souvenir et la solidarit\u00e9"},"content":{"rendered":"\n<p>Le FC Lutry a appris avec une immense tristesse le d\u00e9c\u00e8s d\u2019Alexis Bollag, enfant de Lutry et fr\u00e8re de Gianni, joueur de notre C1. Nous rendons hommage \u00e0 son courageux combat depuis un mois et nos pens\u00e9es vont naturellement \u00e0 sa maman Tanja et \u00e0 son papa Patrick, membre de notre Confr\u00e9rie du Singe d\u2019Or ainsi qu\u2019\u00e0 toute sa famille qui est rest\u00e9e sans rel\u00e2che \u00e0 ses c\u00f4t\u00e9s durant ces jours si difficiles.<\/p>\n\n\n\n<p>\u00c0 l\u2019instar de ses trop nombreux amis proches du club qui nous ont d\u00e9j\u00e0 quitt\u00e9s, il fera partie pour toujours de la grande famille du FC Lutry et restera \u00e0 jamais dans nos m\u00e9moires.<\/p>\n\n\n\n<p>Ce d\u00e9c\u00e8s nous rappelle douloureusement que le chemin de croix des familles des rescap\u00e9s n\u2019est encore de loin pas termin\u00e9.<\/p>\n\n\n\n<p>TOUS UNIS, concern\u00e9s et solidaires, voil\u00e0 le bien maigre r\u00e9confort que nous pouvons apporter \u00e0 nos quatre jeunes bless\u00e9s ainsi qu\u2019\u00e0 leurs familles qui se battent tous les jours pour sortir de ce cauchemar qui n\u2019en finit pas.<\/p>\n\n\n\n<p>Tous ensemble dans le souvenir, l\u2019esp\u00e9rance et l\u2019amour, le FC Lutry est et restera toujours en soutien de toutes celles et ceux qui souffrent des cons\u00e9quences de ce drame de Crans-Montana.<\/p>\n\n\n\n<div style=\"height:33px\" aria-hidden=\"true\" class=\"wp-block-spacer\"><\/div>\n\n\n\n<figure class=\"wp-block-gallery has-nested-images columns-default is-cropped wp-block-gallery-1 is-layout-flex wp-block-gallery-is-layout-flex\"><\/figure>\n","protected":false},"excerpt":{"rendered":"<p>Le FC Lutry a appris avec une immense tristesse le d\u00e9c\u00e8s d\u2019Alexis Bollag, enfant de Lutry et fr\u00e8re de Gianni, joueur de notre C1. Nous rendons hommage \u00e0 son courageux combat depuis un mois et nos pens\u00e9es vont naturellement \u00e0 sa maman Tanja et \u00e0 son papa Patrick, membre de notre Confr\u00e9rie du Singe d\u2019Or&#8230; <\/p>\n<div class=\"clear\"><\/div>\n<p><a href=\"https:\/\/www.fclutry.ch\/?p=8803\" class=\"excerpt-read-more\">Read More<\/a><\/p>\n","protected":false},"author":1,"featured_media":8807,"comment_status":"closed","ping_status":"closed","sticky":false,"template":"","format":"standard","meta":{"footnotes":""},"categories":[5],"tags":[],"_links":{"self":[{"href":"https:\/\/www.fclutry.ch\/index.php?rest_route=\/wp\/v2\/posts\/8803"}],"collection":[{"href":"https:\/\/www.fclutry.ch\/index.php?rest_route=\/wp\/v2\/posts"}],"about":[{"href":"https:\/\/www.fclutry.ch\/index.php?rest_route=\/wp\/v2\/types\/post"}],"author":[{"embeddable":true,"href":"https:\/\/www.fclutry.ch\/index.php?rest_route=\/wp\/v2\/users\/1"}],"replies":[{"embeddable":true,"href":"https:\/\/www.fclutry.ch\/index.php?rest_route=%2Fwp%2Fv2%2Fcomments&post=8803"}],"version-history":[{"count":2,"href":"https:\/\/www.fclutry.ch\/index.php?rest_route=\/wp\/v2\/posts\/8803\/revisions"}],"predecessor-version":[{"id":8806,"href":"https:\/\/www.fclutry.ch\/index.php?rest_route=\/wp\/v2\/posts\/8803\/revisions\/8806"}],"wp:featuredmedia":[{"embeddable":true,"href":"https:\/\/www.fclutry.ch\/index.php?rest_route=\/wp\/v2\/media\/8807"}],"wp:attachment":[{"href":"https:\/\/www.fclutry.ch\/index.php?rest_route=%2Fwp%2Fv2%2Fmedia&parent=8803"}],"wp:term":[{"taxonomy":"category","embeddable":true,"href":"https:\/\/www.fclutry.ch\/index.php?rest_route=%2Fwp%2Fv2%2Fcategories&post=8803"},{"taxonomy":"post_tag","embeddable":true,"href":"https:\/\/www.fclutry.ch\/index.php?rest_route=%2Fwp%2Fv2%2Ftags&post=8803"}],"curies":[{"name":"wp","href":"https:\/\/api.w.org\/{rel}","templated":true}]}}