{"id":8743,"date":"2026-01-07T12:14:47","date_gmt":"2026-01-07T11:14:47","guid":{"rendered":"https:\/\/www.fclutry.ch\/?p=8743"},"modified":"2026-01-07T12:16:13","modified_gmt":"2026-01-07T11:16:13","slug":"drame-crans-montana","status":"publish","type":"post","link":"https:\/\/www.fclutry.ch\/?p=8743","title":{"rendered":"Drame Crans-Montana"},"content":{"rendered":"\n<p>Le FC Lutry pleure aujourd\u2019hui sept jeunes qui faisaient partie de notre famille, qu\u2019ils aient \u00e9t\u00e9 encore actifs, anciens joueurs, entra\u00eeneurs ou proches de nos membres.<\/p>\n\n\n\n<p>Ils ont port\u00e9 nos couleurs, partag\u00e9 des vestiaires, des rires, des efforts et des r\u00eaves. Leur pr\u00e9sence a marqu\u00e9 le club et restera \u00e0 jamais dans nos m\u00e9moires.<\/p>\n\n\n\n<p>Nos pens\u00e9es les plus affectueuses vont \u00e0 leurs familles, \u00e0 leurs proches, \u00e0 leurs co\u00e9quipiers et \u00e0 tous ceux qui les ont aim\u00e9s.<br>Le FC Lutry ne les oubliera jamais.<\/p>\n\n\n\n<p>Nous pensons \u00e9galement avec une immense \u00e9motion \u00e0 nos cinq jeunes bless\u00e9s, qui luttent aujourd\u2019hui pour leur vie.<\/p>\n\n\n\n<p>Dans ces heures d\u2019attente, tout le club se tient aux c\u00f4t\u00e9s de leurs familles et de leurs proches, avec respect, espoir et solidarit\u00e9.<br>Nous sommes de tout coeur avec eux.<\/p>\n\n\n\n<p>Unis dans le souvenir, l\u2019esp\u00e9rance et l\u2019amour, le FC Lutry est et restera toujours \u00e0 leurs c\u00f4t\u00e9s.<\/p>\n\n\n\n<div class=\"wp-block-buttons is-layout-flex wp-block-buttons-is-layout-flex\">\n<div class=\"wp-block-button\"><a class=\"wp-block-button__link wp-element-button\" href=\"https:\/\/www.blick.ch\/fr\/suisse\/romande\/crans-montana-au-fc-lutry-7-juniors-sont-decedes-et-5-blesses-id21573695.html\" target=\"_blank\" rel=\"noreferrer noopener\">Article du BLICK<\/a><\/div>\n<\/div>\n\n\n\n<div style=\"height:33px\" aria-hidden=\"true\" class=\"wp-block-spacer\"><\/div>\n\n\n\n<figure class=\"wp-block-gallery has-nested-images columns-default is-cropped wp-block-gallery-2 is-layout-flex wp-block-gallery-is-layout-flex\"><\/figure>\n","protected":false},"excerpt":{"rendered":"<p>Le FC Lutry pleure aujourd\u2019hui sept jeunes qui faisaient partie de notre famille, qu\u2019ils aient \u00e9t\u00e9 encore actifs, anciens joueurs, entra\u00eeneurs ou proches de nos membres. Ils ont port\u00e9 nos couleurs, partag\u00e9 des vestiaires, des rires, des efforts et des r\u00eaves. Leur pr\u00e9sence a marqu\u00e9 le club et restera \u00e0 jamais dans nos m\u00e9moires. Nos&#8230; <\/p>\n<div class=\"clear\"><\/div>\n<p><a href=\"https:\/\/www.fclutry.ch\/?p=8743\" class=\"excerpt-read-more\">Read More<\/a><\/p>\n","protected":false},"author":1,"featured_media":8741,"comment_status":"closed","ping_status":"closed","sticky":false,"template":"","format":"standard","meta":{"footnotes":""},"categories":[5],"tags":[],"_links":{"self":[{"href":"https:\/\/www.fclutry.ch\/index.php?rest_route=\/wp\/v2\/posts\/8743"}],"collection":[{"href":"https:\/\/www.fclutry.ch\/index.php?rest_route=\/wp\/v2\/posts"}],"about":[{"href":"https:\/\/www.fclutry.ch\/index.php?rest_route=\/wp\/v2\/types\/post"}],"author":[{"embeddable":true,"href":"https:\/\/www.fclutry.ch\/index.php?rest_route=\/wp\/v2\/users\/1"}],"replies":[{"embeddable":true,"href":"https:\/\/www.fclutry.ch\/index.php?rest_route=%2Fwp%2Fv2%2Fcomments&post=8743"}],"version-history":[{"count":3,"href":"https:\/\/www.fclutry.ch\/index.php?rest_route=\/wp\/v2\/posts\/8743\/revisions"}],"predecessor-version":[{"id":8749,"href":"https:\/\/www.fclutry.ch\/index.php?rest_route=\/wp\/v2\/posts\/8743\/revisions\/8749"}],"wp:featuredmedia":[{"embeddable":true,"href":"https:\/\/www.fclutry.ch\/index.php?rest_route=\/wp\/v2\/media\/8741"}],"wp:attachment":[{"href":"https:\/\/www.fclutry.ch\/index.php?rest_route=%2Fwp%2Fv2%2Fmedia&parent=8743"}],"wp:term":[{"taxonomy":"category","embeddable":true,"href":"https:\/\/www.fclutry.ch\/index.php?rest_route=%2Fwp%2Fv2%2Fcategories&post=8743"},{"taxonomy":"post_tag","embeddable":true,"href":"https:\/\/www.fclutry.ch\/index.php?rest_route=%2Fwp%2Fv2%2Ftags&post=8743"}],"curies":[{"name":"wp","href":"https:\/\/api.w.org\/{rel}","templated":true}]}}